{"id":600,"date":"2023-12-18T09:02:00","date_gmt":"2023-12-18T08:02:00","guid":{"rendered":"https:\/\/mairie-bouchoir.fr\/?p=600"},"modified":"2023-12-23T14:26:41","modified_gmt":"2023-12-23T13:26:41","slug":"le-char-du-pere-noel-passe-a-bouchoir","status":"publish","type":"post","link":"https:\/\/mairie-bouchoir.fr\/?p=600","title":{"rendered":"Le char du p\u00e8re No\u00ebl passe \u00e0 Bouchoir"},"content":{"rendered":"\n<p>Ce dimanche le P\u00e8re No\u00ebl a effectu\u00e9 \u00e0 Bouchoir une tourn\u00e9e anticip\u00e9e tellement il sera accapar\u00e9 dans les jours qui viennent.<br>Entre dix heures et midi il a surpris jeunes et moins jeunes au saut du lit.<\/p>\n\n\n\n<figure class=\"wp-block-gallery has-nested-images columns-default is-cropped wp-block-gallery-1 is-layout-flex wp-block-gallery-is-layout-flex\">\n<figure class=\"wp-block-image size-large\"><img loading=\"lazy\" decoding=\"async\" width=\"800\" height=\"600\" data-id=\"598\" src=\"https:\/\/mairie-bouchoir.fr\/wp-content\/uploads\/2023\/12\/2023-12-17-Pere-Noel-2.jpg\" alt=\"\" class=\"wp-image-598\" srcset=\"https:\/\/mairie-bouchoir.fr\/wp-content\/uploads\/2023\/12\/2023-12-17-Pere-Noel-2.jpg 800w, https:\/\/mairie-bouchoir.fr\/wp-content\/uploads\/2023\/12\/2023-12-17-Pere-Noel-2-300x225.jpg 300w, https:\/\/mairie-bouchoir.fr\/wp-content\/uploads\/2023\/12\/2023-12-17-Pere-Noel-2-768x576.jpg 768w\" sizes=\"auto, (max-width: 800px) 100vw, 800px\" \/><\/figure>\n\n\n\n<figure class=\"wp-block-image size-large\"><img loading=\"lazy\" decoding=\"async\" width=\"800\" height=\"600\" data-id=\"593\" src=\"https:\/\/mairie-bouchoir.fr\/wp-content\/uploads\/2023\/12\/2023-12-17-Pere-Noel-7.jpg\" alt=\"\" class=\"wp-image-593\" srcset=\"https:\/\/mairie-bouchoir.fr\/wp-content\/uploads\/2023\/12\/2023-12-17-Pere-Noel-7.jpg 800w, https:\/\/mairie-bouchoir.fr\/wp-content\/uploads\/2023\/12\/2023-12-17-Pere-Noel-7-300x225.jpg 300w, https:\/\/mairie-bouchoir.fr\/wp-content\/uploads\/2023\/12\/2023-12-17-Pere-Noel-7-768x576.jpg 768w\" sizes=\"auto, (max-width: 800px) 100vw, 800px\" \/><\/figure>\n<\/figure>\n\n\n\n<p><br>Les membres du Conseil ainsi que quelques habitants ont accompagn\u00e9 le tracteur municipal d\u00e9cor\u00e9 en char du P\u00e8re No\u00ebl.<\/p>\n\n\n\n<figure class=\"wp-block-gallery has-nested-images columns-default is-cropped wp-block-gallery-2 is-layout-flex wp-block-gallery-is-layout-flex\">\n<figure class=\"wp-block-image size-large\"><img loading=\"lazy\" decoding=\"async\" width=\"800\" height=\"600\" data-id=\"597\" src=\"https:\/\/mairie-bouchoir.fr\/wp-content\/uploads\/2023\/12\/2023-12-17-Pere-Noel-3.jpg\" alt=\"\" class=\"wp-image-597\" srcset=\"https:\/\/mairie-bouchoir.fr\/wp-content\/uploads\/2023\/12\/2023-12-17-Pere-Noel-3.jpg 800w, https:\/\/mairie-bouchoir.fr\/wp-content\/uploads\/2023\/12\/2023-12-17-Pere-Noel-3-300x225.jpg 300w, https:\/\/mairie-bouchoir.fr\/wp-content\/uploads\/2023\/12\/2023-12-17-Pere-Noel-3-768x576.jpg 768w\" sizes=\"auto, (max-width: 800px) 100vw, 800px\" \/><\/figure>\n\n\n\n<figure class=\"wp-block-image size-large\"><img loading=\"lazy\" decoding=\"async\" width=\"800\" height=\"600\" data-id=\"596\" src=\"https:\/\/mairie-bouchoir.fr\/wp-content\/uploads\/2023\/12\/2023-12-17-Pere-Noel-4.jpg\" alt=\"\" class=\"wp-image-596\" srcset=\"https:\/\/mairie-bouchoir.fr\/wp-content\/uploads\/2023\/12\/2023-12-17-Pere-Noel-4.jpg 800w, https:\/\/mairie-bouchoir.fr\/wp-content\/uploads\/2023\/12\/2023-12-17-Pere-Noel-4-300x225.jpg 300w, https:\/\/mairie-bouchoir.fr\/wp-content\/uploads\/2023\/12\/2023-12-17-Pere-Noel-4-768x576.jpg 768w\" sizes=\"auto, (max-width: 800px) 100vw, 800px\" \/><\/figure>\n<\/figure>\n\n\n\n<p><br>Dans sa remorque \u00e9taient rang\u00e9s les cadeaux destin\u00e9s aux enfants et pour les anciens c&rsquo;\u00e9tait une enveloppe contenant un bon d&rsquo;achat.<br>Il faisait un peu frisquet mais le soleil \u00e9tait l\u00e0 et la joie \u00e9tait dans les c\u0153urs.<br>Sur la chauss\u00e9e Brunehaut le p\u00e8re No\u00ebl \u00e0 m\u00eame donn\u00e9 un bonbon au chocolat aux chauffeurs de camion ainsi qu&rsquo;aux enfants dans les voitures de passage nombreuses en ce dimanche matin.<\/p>\n\n\n\n<figure class=\"wp-block-gallery has-nested-images columns-default is-cropped wp-block-gallery-3 is-layout-flex wp-block-gallery-is-layout-flex\">\n<figure class=\"wp-block-image size-large\"><img loading=\"lazy\" decoding=\"async\" width=\"800\" height=\"600\" data-id=\"599\" src=\"https:\/\/mairie-bouchoir.fr\/wp-content\/uploads\/2023\/12\/2023-12-17-Pere-Noel-1.jpg\" alt=\"\" class=\"wp-image-599\" srcset=\"https:\/\/mairie-bouchoir.fr\/wp-content\/uploads\/2023\/12\/2023-12-17-Pere-Noel-1.jpg 800w, https:\/\/mairie-bouchoir.fr\/wp-content\/uploads\/2023\/12\/2023-12-17-Pere-Noel-1-300x225.jpg 300w, https:\/\/mairie-bouchoir.fr\/wp-content\/uploads\/2023\/12\/2023-12-17-Pere-Noel-1-768x576.jpg 768w\" sizes=\"auto, (max-width: 800px) 100vw, 800px\" \/><\/figure>\n\n\n\n<figure class=\"wp-block-image size-large\"><img loading=\"lazy\" decoding=\"async\" width=\"800\" height=\"600\" data-id=\"594\" src=\"https:\/\/mairie-bouchoir.fr\/wp-content\/uploads\/2023\/12\/2023-12-17-Pere-Noel-6.jpg\" alt=\"\" class=\"wp-image-594\" srcset=\"https:\/\/mairie-bouchoir.fr\/wp-content\/uploads\/2023\/12\/2023-12-17-Pere-Noel-6.jpg 800w, https:\/\/mairie-bouchoir.fr\/wp-content\/uploads\/2023\/12\/2023-12-17-Pere-Noel-6-300x225.jpg 300w, https:\/\/mairie-bouchoir.fr\/wp-content\/uploads\/2023\/12\/2023-12-17-Pere-Noel-6-768x576.jpg 768w\" sizes=\"auto, (max-width: 800px) 100vw, 800px\" \/><\/figure>\n<\/figure>\n\n\n\n<p>La tourn\u00e9e s&rsquo;est termin\u00e9e \u00e0 la salle polyvalente pour un pot de l&rsquo;amiti\u00e9 offert par Madame le Maire.<\/p>\n\n\n\n<figure class=\"wp-block-gallery has-nested-images columns-default is-cropped wp-block-gallery-4 is-layout-flex wp-block-gallery-is-layout-flex\">\n<figure class=\"wp-block-image size-large\"><img loading=\"lazy\" decoding=\"async\" width=\"800\" height=\"600\" data-id=\"592\" src=\"https:\/\/mairie-bouchoir.fr\/wp-content\/uploads\/2023\/12\/2023-12-17-Pere-Noel-8.jpg\" alt=\"\" class=\"wp-image-592\" srcset=\"https:\/\/mairie-bouchoir.fr\/wp-content\/uploads\/2023\/12\/2023-12-17-Pere-Noel-8.jpg 800w, https:\/\/mairie-bouchoir.fr\/wp-content\/uploads\/2023\/12\/2023-12-17-Pere-Noel-8-300x225.jpg 300w, https:\/\/mairie-bouchoir.fr\/wp-content\/uploads\/2023\/12\/2023-12-17-Pere-Noel-8-768x576.jpg 768w\" sizes=\"auto, (max-width: 800px) 100vw, 800px\" \/><\/figure>\n\n\n\n<figure class=\"wp-block-image size-large\"><img loading=\"lazy\" decoding=\"async\" width=\"800\" height=\"600\" data-id=\"591\" src=\"https:\/\/mairie-bouchoir.fr\/wp-content\/uploads\/2023\/12\/2023-12-17-Pere-Noel-9.jpg\" alt=\"\" class=\"wp-image-591\" srcset=\"https:\/\/mairie-bouchoir.fr\/wp-content\/uploads\/2023\/12\/2023-12-17-Pere-Noel-9.jpg 800w, https:\/\/mairie-bouchoir.fr\/wp-content\/uploads\/2023\/12\/2023-12-17-Pere-Noel-9-300x225.jpg 300w, https:\/\/mairie-bouchoir.fr\/wp-content\/uploads\/2023\/12\/2023-12-17-Pere-Noel-9-768x576.jpg 768w\" sizes=\"auto, (max-width: 800px) 100vw, 800px\" \/><\/figure>\n<\/figure>\n","protected":false},"excerpt":{"rendered":"<p>Ce dimanche le P\u00e8re No\u00ebl a effectu\u00e9 \u00e0 Bouchoir une tourn\u00e9e anticip\u00e9e tellement il sera accapar\u00e9 dans les jours qui viennent.Entre dix heures et midi il a surpris jeunes et moins jeunes au saut du lit. Les membres du Conseil &hellip; <a href=\"https:\/\/mairie-bouchoir.fr\/?p=600\">Continuer la lecture <span class=\"meta-nav\">&rarr;<\/span><\/a><\/p>\n","protected":false},"author":2,"featured_media":0,"comment_status":"closed","ping_status":"closed","sticky":false,"template":"","format":"gallery","meta":{"footnotes":""},"categories":[7],"tags":[],"class_list":["post-600","post","type-post","status-publish","format-gallery","hentry","category-annonces-municipales","post_format-post-format-gallery"],"_links":{"self":[{"href":"https:\/\/mairie-bouchoir.fr\/index.php?rest_route=\/wp\/v2\/posts\/600","targetHints":{"allow":["GET"]}}],"collection":[{"href":"https:\/\/mairie-bouchoir.fr\/index.php?rest_route=\/wp\/v2\/posts"}],"about":[{"href":"https:\/\/mairie-bouchoir.fr\/index.php?rest_route=\/wp\/v2\/types\/post"}],"author":[{"embeddable":true,"href":"https:\/\/mairie-bouchoir.fr\/index.php?rest_route=\/wp\/v2\/users\/2"}],"replies":[{"embeddable":true,"href":"https:\/\/mairie-bouchoir.fr\/index.php?rest_route=%2Fwp%2Fv2%2Fcomments&post=600"}],"version-history":[{"count":2,"href":"https:\/\/mairie-bouchoir.fr\/index.php?rest_route=\/wp\/v2\/posts\/600\/revisions"}],"predecessor-version":[{"id":609,"href":"https:\/\/mairie-bouchoir.fr\/index.php?rest_route=\/wp\/v2\/posts\/600\/revisions\/609"}],"wp:attachment":[{"href":"https:\/\/mairie-bouchoir.fr\/index.php?rest_route=%2Fwp%2Fv2%2Fmedia&parent=600"}],"wp:term":[{"taxonomy":"category","embeddable":true,"href":"https:\/\/mairie-bouchoir.fr\/index.php?rest_route=%2Fwp%2Fv2%2Fcategories&post=600"},{"taxonomy":"post_tag","embeddable":true,"href":"https:\/\/mairie-bouchoir.fr\/index.php?rest_route=%2Fwp%2Fv2%2Ftags&post=600"}],"curies":[{"name":"wp","href":"https:\/\/api.w.org\/{rel}","templated":true}]}}