{"id":748,"date":"2024-03-02T10:20:58","date_gmt":"2024-03-02T09:20:58","guid":{"rendered":"https:\/\/mairie-bouchoir.fr\/?p=748"},"modified":"2024-03-09T14:29:42","modified_gmt":"2024-03-09T13:29:42","slug":"la-preparation-des-decors-de-paques","status":"publish","type":"post","link":"https:\/\/mairie-bouchoir.fr\/?p=748","title":{"rendered":"La pr\u00e9paration des d\u00e9cors de P\u00e2ques"},"content":{"rendered":"\n<p>Ce mercredi 28 F\u00e9vrier, jeunes et moins jeunes ont pu peindre les d\u00e9cors de P\u00e2ques cr\u00e9\u00e9s avec ing\u00e9niosit\u00e9 par notre agent communal.<br><br>C&rsquo;est l&rsquo;occasion pour les plus jeunes d&rsquo;apprendre \u00e0 manier le pinceau.<\/p>\n\n\n\n<figure class=\"wp-block-image size-large\"><img loading=\"lazy\" decoding=\"async\" width=\"936\" height=\"1024\" src=\"https:\/\/mairie-bouchoir.fr\/wp-content\/uploads\/2024\/03\/2024-02-28-Decors-de-Paques-936x1024.jpg\" alt=\"\" class=\"wp-image-747\" srcset=\"https:\/\/mairie-bouchoir.fr\/wp-content\/uploads\/2024\/03\/2024-02-28-Decors-de-Paques-936x1024.jpg 936w, https:\/\/mairie-bouchoir.fr\/wp-content\/uploads\/2024\/03\/2024-02-28-Decors-de-Paques-274x300.jpg 274w, https:\/\/mairie-bouchoir.fr\/wp-content\/uploads\/2024\/03\/2024-02-28-Decors-de-Paques-768x840.jpg 768w, https:\/\/mairie-bouchoir.fr\/wp-content\/uploads\/2024\/03\/2024-02-28-Decors-de-Paques-1404x1536.jpg 1404w, https:\/\/mairie-bouchoir.fr\/wp-content\/uploads\/2024\/03\/2024-02-28-Decors-de-Paques-1871x2048.jpg 1871w\" sizes=\"auto, (max-width: 936px) 100vw, 936px\" \/><\/figure>\n","protected":false},"excerpt":{"rendered":"<p>Ce mercredi 28 F\u00e9vrier, jeunes et moins jeunes ont pu peindre les d\u00e9cors de P\u00e2ques cr\u00e9\u00e9s avec ing\u00e9niosit\u00e9 par notre agent communal. C&rsquo;est l&rsquo;occasion pour les plus jeunes d&rsquo;apprendre \u00e0 manier le pinceau.<\/p>\n","protected":false},"author":2,"featured_media":0,"comment_status":"closed","ping_status":"closed","sticky":false,"template":"","format":"standard","meta":{"footnotes":""},"categories":[7],"tags":[],"class_list":["post-748","post","type-post","status-publish","format-standard","hentry","category-annonces-municipales"],"_links":{"self":[{"href":"https:\/\/mairie-bouchoir.fr\/index.php?rest_route=\/wp\/v2\/posts\/748","targetHints":{"allow":["GET"]}}],"collection":[{"href":"https:\/\/mairie-bouchoir.fr\/index.php?rest_route=\/wp\/v2\/posts"}],"about":[{"href":"https:\/\/mairie-bouchoir.fr\/index.php?rest_route=\/wp\/v2\/types\/post"}],"author":[{"embeddable":true,"href":"https:\/\/mairie-bouchoir.fr\/index.php?rest_route=\/wp\/v2\/users\/2"}],"replies":[{"embeddable":true,"href":"https:\/\/mairie-bouchoir.fr\/index.php?rest_route=%2Fwp%2Fv2%2Fcomments&post=748"}],"version-history":[{"count":2,"href":"https:\/\/mairie-bouchoir.fr\/index.php?rest_route=\/wp\/v2\/posts\/748\/revisions"}],"predecessor-version":[{"id":781,"href":"https:\/\/mairie-bouchoir.fr\/index.php?rest_route=\/wp\/v2\/posts\/748\/revisions\/781"}],"wp:attachment":[{"href":"https:\/\/mairie-bouchoir.fr\/index.php?rest_route=%2Fwp%2Fv2%2Fmedia&parent=748"}],"wp:term":[{"taxonomy":"category","embeddable":true,"href":"https:\/\/mairie-bouchoir.fr\/index.php?rest_route=%2Fwp%2Fv2%2Fcategories&post=748"},{"taxonomy":"post_tag","embeddable":true,"href":"https:\/\/mairie-bouchoir.fr\/index.php?rest_route=%2Fwp%2Fv2%2Ftags&post=748"}],"curies":[{"name":"wp","href":"https:\/\/api.w.org\/{rel}","templated":true}]}}